{"id":569,"date":"2024-02-10T22:45:25","date_gmt":"2024-02-10T19:45:25","guid":{"rendered":"https:\/\/www.drcengizcelik.com\/?p=569"},"modified":"2024-02-10T22:45:25","modified_gmt":"2024-02-10T19:45:25","slug":"","status":"publish","type":"post","link":"https:\/\/www.drcengizcelik.com\/ku\/dr-cengiz-celik-ak-parti-dogubayazit-belediye-baskan-adayi-oldu-celikgonulleri-kazanarak-basaracagiz","title":{"rendered":"","raw":""},"content":{"rendered":"","protected":false,"raw":""},"excerpt":{"rendered":"","protected":false,"raw":""},"author":1,"featured_media":559,"comment_status":"open","ping_status":"open","sticky":false,"template":"","format":"standard","meta":{"_tr_post_content":"<div class=\"grid-stack-item\" data-modulsure=\"27\" data-gs-x=\"0\" data-gs-y=\"0\" data-gs-width=\"24\" data-gs-height=\"244\" data-gs-autoh=\"1\" data-zeminrenk=\"-1\" data-spotrenk=\"0\" data-baslikrenk=\"3\" data-seritrenk=\"-1\" data-hoverrenk=\"-1\" data-font1=\"0\" data-baslikkalinlik=\"4\" data-spotkalinlik=\"3\" data-baslikbold=\"3\" data-spotbold=\"0\" data-cogaltx=\"0\" data-cogalty=\"0\" data-border=\"0\" data-borderrenk=\"0\" data-baslikls=\"0\" data-basliklh=\"0\" data-spotls=\"0\" data-spotlh=\"0\" data-sticky=\"0\">\r\n<div class=\"grid-stack-item-content numodul HaberDetay_1\">\r\n<div class=\"moduleBackground\">\r\n<div class=\"tema_3 module_113\">\r\n<div id=\"detaymetin\" class=\"content-news spotSize spotColor\">\r\n\r\n<span class=\"text-big\"><strong>31 Mart 2024 Mahalli Se\u00e7imlerinde Dr. Mimar Cengiz \u00c7elik\u00a0 Ak Parti Do\u011fubayaz\u0131t Belediye Ba\u015fkan aday\u0131 oldu.<\/strong><\/span>\r\n\r\n<span class=\"text-big\">Belediye Ba\u015fkan adaylar\u0131n\u0131n a\u00e7\u0131klanmas\u0131ndan sonra Ak Parti Do\u011fubayaz\u0131t \u0130l\u00e7e Ba\u015fkan\u0131 Sena Ge\u00e7it, kamuoyunu bilgilendirme mesaj\u0131 yay\u0131nlad\u0131.<\/span>\r\n\r\n<span class=\"text-big\">Ge\u00e7it Mesaj\u0131nda ARKOZ \u00c7imento Genel M\u00fcd\u00fcr\u00fc Dr. Mimar Cengiz \u00c7elik'in, Cumhurba\u015fkan\u0131 Recep Tayyip Erdo\u011fan taraf\u0131ndan aday olarak belirlendi\u011fini duyurdu.<\/span>\r\n\r\n&nbsp;\r\n\r\n<span class=\"text-big\"><strong>Sena Ge\u00e7it\u2019in Sosyal Medyada Yay\u0131nlad\u0131\u011f\u0131 Mesaj:<\/strong><\/span>\r\n\r\n<span class=\"text-big\"><strong>\u201cKAMUOYUNA;<\/strong><\/span>\r\n\r\n<span class=\"text-big\">\u201cT\u00fcrkiye Y\u00fczy\u0131l\u0131 \u015eehirleri\u201d vizyonuyla, halk\u0131m\u0131za hizmetin Hak\u2019ka hizmet oldu\u011funa inanarak<\/span>\r\n\r\n<span class=\"text-big\">\u00e7\u0131kt\u0131\u011f\u0131m\u0131z yolda medeniyetin be\u015fi\u011fi, g\u00fcne\u015fin ilk do\u011fdu\u011fu kadim kentimiz Do\u011fubayaz\u0131t<\/span>\r\n\r\n<span class=\"text-big\">\u0130l\u00e7emiz i\u00e7in AK Parti Belediye Ba\u015fkan\u0131 Adayl\u0131\u011f\u0131 g\u00f6revi Cumhurba\u015fkan\u0131m\u0131z Sn. Recep Tayyip<\/span>\r\n\r\n<span class=\"text-big\">Erdo\u011fan taraf\u0131ndan Dr. Mimar Cengiz \u00c7elik Bey\u2019e tevdi edilmi\u015ftir.<\/span>\r\n\r\n<span class=\"text-big\">Vizyonuyla, deneyimiyle, mesleki becerisiyle, idarecilik anlay\u0131\u015f\u0131yla ve il\u00e7emize yapt\u0131\u011f\u0131<\/span>\r\n\r\n<span class=\"text-big\">katk\u0131lar\u0131yla de\u011ferli aday\u0131m\u0131z Dr. Cengiz \u00c7elik\u2019i hepiniz \u00e7ok iyi tan\u0131maktas\u0131n\u0131z. Bu kutlu<\/span>\r\n\r\n<span class=\"text-big\">g\u00f6revin hem kendisi i\u00e7in, hem de memleketimiz i\u00e7in hay\u0131rlara vesile olmas\u0131n\u0131 Rabbimden<\/span>\r\n\r\n<span class=\"text-big\">diliyorum.<\/span>\r\n\r\n<span class=\"text-big\">Ayn\u0131 zamanda halk\u0131na hizmet yar\u0131\u015f\u0131na giren de\u011ferli t\u00fcm aday aday\u0131 dostlar\u0131ma da te\u015fekk\u00fcr<\/span>\r\n\r\n<span class=\"text-big\">eder, ya\u015famlar\u0131nda ba\u015far\u0131lar dilerim.<\/span>\r\n\r\n<span class=\"text-big\">Do\u011fubayaz\u0131t\u2019\u0131m\u0131z\u0131; hizmetle, icraatla, g\u00f6n\u00fcl belediyecili\u011fiyle bulu\u015fturmak i\u00e7in ilk g\u00fcnk\u00fc<\/span>\r\n\r\n<span class=\"text-big\">heyecanla t\u00fcm te\u015fkilatlar\u0131m\u0131zla \u00e7al\u0131\u015faca\u011f\u0131z. Bu noktada gitmedi\u011fimiz kap\u0131, s\u0131kmad\u0131\u011f\u0131m\u0131z el<\/span>\r\n\r\n<span class=\"text-big\">b\u0131rakmayaca\u011f\u0131z.<\/span>\r\n\r\n<span class=\"text-big\">T\u00fcrkiye Y\u00fczy\u0131l\u0131 \u015eehirleri i\u00e7in 31 Mart 2024 se\u00e7imleri ile birlikte il\u00e7emiz de AK Parti<\/span>\r\n\r\n<span class=\"text-big\">Belediyecili\u011fi ile GER\u00c7EK BELED\u0130YEC\u0130L\u0130K ile bulu\u015facakt\u0131r in\u015fallah.<\/span>\r\n\r\n<span class=\"text-big\">\u015eimdi hep birlikte Do\u011fubayaz\u0131t\u2019a hizmet etmenin vakti gelmi\u015ftir. Siz halk\u0131m\u0131z\u0131n bize g\u00fcveni<\/span>\r\n\r\n<span class=\"text-big\">ve tevecc\u00fch\u00fc akabinde; Cumhurba\u015fkan\u0131m\u0131z Say\u0131n Recep Tayyip Erdo\u011fan\u2019\u0131n \u00f6nderli\u011finde,<\/span>\r\n\r\n<span class=\"text-big\">g\u00fc\u00e7l\u00fc h\u00fck\u00fcmetimizin bize sunaca\u011f\u0131 g\u00fc\u00e7l\u00fc destek ile i\u015fin ehli kadrolarla memleketimize<\/span>\r\n\r\n<span class=\"text-big\">hizmet etmeye haz\u0131r\u0131z.<\/span>\r\n\r\n<span class=\"text-big\">Daha ya\u015fanabilir bir DO\u011eUBAYAZIT i\u00e7in<\/span>\r\n\r\n<span class=\"text-big\">Yar\u0131nlar\u0131m\u0131z i\u00e7in<\/span>\r\n\r\n<span class=\"text-big\">\u00c7ocuklar\u0131m\u0131z i\u00e7in<\/span>\r\n\r\n<span class=\"text-big\">Ana kadememiz ile, gen\u00e7lik kollar\u0131m\u0131z ile, kad\u0131n kollar\u0131m\u0131z ile hep beraber t\u00fcm te\u015fkilat\u00e7a<\/span>\r\n\r\n<span class=\"text-big\">haz\u0131r\u0131z.<\/span>\r\n\r\n<span class=\"text-big\"><strong>GER\u00c7EK BELED\u0130YEC\u0130L\u0130K i\u00e7in DO\u011eUBAYAZIT haz\u0131rd\u0131r.<\/strong><\/span>\r\n\r\n<span class=\"text-big\"><strong>Sayg\u0131lar\u0131mla\u2026<\/strong><\/span>\r\n\r\n<span class=\"text-big\"><strong>\u00a0Mehmet Sena GE\u00c7\u0130T<\/strong><\/span>\r\n\r\n<span class=\"text-big\"><strong>AK Parti Do\u011fubayaz\u0131t \u0130l\u00e7e Ba\u015fkan\u0131\u201d<\/strong><\/span>\r\n\r\n<span class=\"text-big\"><strong>Belediye Ba\u015fkan Aday\u0131n\u0131n belli olmas\u0131ndan sonra sosyal medyada a\u00e7\u0131klama yapan Dr. Cengiz \u00c7elik ise \u201cHerkes i\u00e7in e\u015fit hizmet anlay\u0131\u015f\u0131yla G\u00f6n\u00fclleri kazanarak ba\u015faraca\u011f\u0131z\u201d mesaji verdi.<\/strong><\/span>\r\n\r\n<\/div>\r\n<\/div>\r\n<\/div>\r\n<\/div>\r\n<\/div>\r\n<div class=\"grid-stack-item\" data-modulsure=\"6\" data-gs-x=\"0\" data-gs-y=\"244\" data-gs-width=\"24\" data-gs-height=\"59\" data-gs-autoh=\"1\" data-zeminrenk=\"-1\" data-spotrenk=\"-1\" data-baslikrenk=\"-1\" data-seritrenk=\"-1\" data-hoverrenk=\"-1\" data-font1=\"-1\" data-baslikkalinlik=\"0\" data-spotkalinlik=\"0\" data-baslikbold=\"0\" data-spotbold=\"0\" data-cogaltx=\"0\" data-cogalty=\"0\" data-border=\"0\" data-borderrenk=\"-1\" data-baslikls=\"0\" data-basliklh=\"0\" data-spotls=\"0\" data-spotlh=\"0\" data-sticky=\"0\">\r\n<div class=\"grid-stack-item-content numodul Haber_Fotograflar_2\">\r\n<div class=\"hf wf\">\r\n<div class=\"flx fcl\"><a href=\"https:\/\/www.narinkalegazetesi.net\/resimler\/2024-2\/9\/379681636401096.webp\" data-lightbox=\"image-set\"><img class=\"img\" src=\"https:\/\/www.narinkalegazetesi.net\/resimler\/2024-2\/9\/379681636401096.webp\" alt=\"\" \/><\/a><\/div>\r\n<\/div>\r\n<\/div>\r\n<div><a href=\"https:\/\/www.narinkalegazetesi.net\/haber\/dr_cengiz_celik_ak_parti_dogubayazit_belediye_baskan_adayi_oldu_-_celikgonulleri_kazanarak_basaracagiz-14016.html\">NAR\u0130NKALE GAZETES\u0130<\/a><\/div>\r\n<\/div>","_tr_post_name":"dr-cengiz-celik-ak-parti-dogubayazit-belediye-baskan-adayi-oldu-celikgonulleri-kazanarak-basaracagiz","_tr_post_excerpt":"","_tr_post_title":"DR. CENG\u0130Z \u00c7EL\u0130K AK PART\u0130 DO\u011eUBAYAZIT BELED\u0130YE BA\u015eKAN ADAYI OLDU - \u00c7EL\u0130K,\"G\u00d6N\u00dcLLER\u0130 KAZANARAK BA\u015eARACA\u011eIZ\"","_ku_post_content":"","_ku_post_name":"","_ku_post_excerpt":"","_ku_post_title":"","edit_language":"ku","footnotes":""},"categories":[7],"tags":[],"_links":{"self":[{"href":"https:\/\/www.drcengizcelik.com\/ku\/wp-json\/wp\/v2\/posts\/569"}],"collection":[{"href":"https:\/\/www.drcengizcelik.com\/ku\/wp-json\/wp\/v2\/posts"}],"about":[{"href":"https:\/\/www.drcengizcelik.com\/ku\/wp-json\/wp\/v2\/types\/post"}],"author":[{"embeddable":true,"href":"https:\/\/www.drcengizcelik.com\/ku\/wp-json\/wp\/v2\/users\/1"}],"replies":[{"embeddable":true,"href":"https:\/\/www.drcengizcelik.com\/ku\/wp-json\/wp\/v2\/comments?post=569"}],"version-history":[{"count":1,"href":"https:\/\/www.drcengizcelik.com\/ku\/wp-json\/wp\/v2\/posts\/569\/revisions"}],"predecessor-version":[{"id":570,"href":"https:\/\/www.drcengizcelik.com\/ku\/wp-json\/wp\/v2\/posts\/569\/revisions\/570"}],"wp:featuredmedia":[{"embeddable":true,"href":"https:\/\/www.drcengizcelik.com\/ku\/wp-json\/wp\/v2\/media\/559"}],"wp:attachment":[{"href":"https:\/\/www.drcengizcelik.com\/ku\/wp-json\/wp\/v2\/media?parent=569"}],"wp:term":[{"taxonomy":"category","embeddable":true,"href":"https:\/\/www.drcengizcelik.com\/ku\/wp-json\/wp\/v2\/categories?post=569"},{"taxonomy":"post_tag","embeddable":true,"href":"https:\/\/www.drcengizcelik.com\/ku\/wp-json\/wp\/v2\/tags?post=569"}],"curies":[{"name":"wp","href":"https:\/\/api.w.org\/{rel}","templated":true}]}}