{"id":907,"date":"2024-03-03T22:38:38","date_gmt":"2024-03-03T19:38:38","guid":{"rendered":"https:\/\/www.drcengizcelik.com\/?p=907"},"modified":"2024-03-03T22:38:38","modified_gmt":"2024-03-03T19:38:38","slug":"","status":"publish","type":"post","link":"https:\/\/www.drcengizcelik.com\/ku\/dogubayazit-belediye-baskan-adayi-dr-cengiz-celikten-vizyon-dolu-projeler","title":{"rendered":"","raw":""},"content":{"rendered":"","protected":false,"raw":""},"excerpt":{"rendered":"","protected":false,"raw":""},"author":1,"featured_media":908,"comment_status":"open","ping_status":"open","sticky":false,"template":"","format":"standard","meta":{"_tr_post_content":"<img class=\"img-fluid lazy mt-3 mb-2\" src=\"https:\/\/www.dogubayazithalkinsesi.com\/images\/news\/2\/1709380154.webp\" alt=\"DO\u011eUBAYAZIT BELED\u0130YE BA\u015eKAN ADAYI DR. CENG\u0130Z \u00c7EL\u0130K\u2019TEN V\u0130ZYON DOLU PROJELER\" \/>\r\n\r\nDo\u011fubayaz\u0131t\u2019\u0131n merakla bekledi\u011fi 31 Mart yerel se\u00e7imine say\u0131l\u0131 g\u00fcnler kala, Belediye Ba\u015fkan aday\u0131 Dr. Cengiz \u00c7elik, halka seslendi. Detayl\u0131 bir g\u00f6rsel a\u00e7\u0131klama yapan \u00c7elik, her mahalle, k\u00f6y ve mezra i\u00e7in \u00f6zel projelerini kamuoyuyla payla\u015ft\u0131. Videoda vurgulanan en \u00f6nemli konulardan biri i\u015fsizlik sorununu \u00e7\u00f6zme stratejileri oldu.\r\n\r\n\u00c7elik, il\u00e7enin yerel dinamiklerine hakim oldu\u011funu belirterek, her bir b\u00f6lgenin \u00f6zg\u00fcn ihtiya\u00e7lar\u0131n\u0131 g\u00f6z \u00f6n\u00fcnde bulundurdu\u011funu ifade etti. Aday, projelerinin il\u00e7enin genel kalk\u0131nmas\u0131na ve ya\u015fam standartlar\u0131n\u0131n y\u00fckseltilmesine y\u00f6nelik oldu\u011funu vurgulayarak, se\u00e7menlerin beklentilerine kar\u015f\u0131l\u0131k vermeyi hedefledi\u011fini dile getirdi.\r\n\r\n<a href=\"https:\/\/www.dogubayazithalkinsesi.com\/haber\/dogubayazit-belediye-baskan-adayi-dr-cengiz-celik-ten-vizyon-dolu-projeler-2\">DOGUBAYAZIT HALKIN SES\u0130<\/a>\r\n\r\n&nbsp;","_tr_post_name":"dogubayazit-belediye-baskan-adayi-dr-cengiz-celikten-vizyon-dolu-projeler","_tr_post_excerpt":"","_tr_post_title":"DO\u011eUBAYAZIT BELED\u0130YE BA\u015eKAN ADAYI DR. CENG\u0130Z \u00c7EL\u0130K\u2019TEN V\u0130ZYON DOLU PROJELER","_ku_post_content":"","_ku_post_name":"","_ku_post_excerpt":"","_ku_post_title":"","edit_language":"ku","footnotes":""},"categories":[7],"tags":[],"_links":{"self":[{"href":"https:\/\/www.drcengizcelik.com\/ku\/wp-json\/wp\/v2\/posts\/907"}],"collection":[{"href":"https:\/\/www.drcengizcelik.com\/ku\/wp-json\/wp\/v2\/posts"}],"about":[{"href":"https:\/\/www.drcengizcelik.com\/ku\/wp-json\/wp\/v2\/types\/post"}],"author":[{"embeddable":true,"href":"https:\/\/www.drcengizcelik.com\/ku\/wp-json\/wp\/v2\/users\/1"}],"replies":[{"embeddable":true,"href":"https:\/\/www.drcengizcelik.com\/ku\/wp-json\/wp\/v2\/comments?post=907"}],"version-history":[{"count":1,"href":"https:\/\/www.drcengizcelik.com\/ku\/wp-json\/wp\/v2\/posts\/907\/revisions"}],"predecessor-version":[{"id":909,"href":"https:\/\/www.drcengizcelik.com\/ku\/wp-json\/wp\/v2\/posts\/907\/revisions\/909"}],"wp:featuredmedia":[{"embeddable":true,"href":"https:\/\/www.drcengizcelik.com\/ku\/wp-json\/wp\/v2\/media\/908"}],"wp:attachment":[{"href":"https:\/\/www.drcengizcelik.com\/ku\/wp-json\/wp\/v2\/media?parent=907"}],"wp:term":[{"taxonomy":"category","embeddable":true,"href":"https:\/\/www.drcengizcelik.com\/ku\/wp-json\/wp\/v2\/categories?post=907"},{"taxonomy":"post_tag","embeddable":true,"href":"https:\/\/www.drcengizcelik.com\/ku\/wp-json\/wp\/v2\/tags?post=907"}],"curies":[{"name":"wp","href":"https:\/\/api.w.org\/{rel}","templated":true}]}}